{"id":373,"date":"2016-05-28T00:00:00","date_gmt":"2016-05-27T22:00:00","guid":{"rendered":"https:\/\/www.spiritkitchen.de\/?p=373"},"modified":"2020-01-31T23:20:11","modified_gmt":"2020-01-31T22:20:11","slug":"im-land-der-ruhe","status":"publish","type":"post","link":"https:\/\/www.spiritkitchen.de\/?p=373","title":{"rendered":"Im Land der Ruhe"},"content":{"rendered":"\n<p>Termin: 28.05.2016<\/p>\n\n\n\n<p>Auf Grund der gro\u00dfen Nachfrage auch noch am 29.05.2016 !<\/p>\n\n\n\n<p>Premiere ! 1. Konzert in der St. Anna Kirche in Sulzbach<\/p>\n\n\n\n<p>Hier ein Bericht eines Zuh\u00f6rers:<\/p>\n\n\n\n<p> Sulzbach. Eine zugleich besinnliche und mitrei\u00dfende Premiere aus Kirchenmusik und spirituellen Gedanken feierte die neue Band \u201eSpirit Kitchen\u201c am Samstagabend. Die sch\u00f6ne Kuppel\u00a0 der St. Anna Kirche sorgte f\u00fcr das passende Ambiente. Bibelunterricht bekamen die vielen Zuh\u00f6rer gleich mit dazu, \u201eDie Bibel redet von Gott, indem sie Geschichten erz\u00e4hlt\u201c f\u00fchrte Rednerin, S\u00e4ngerin und Saxophonistin Lissi Brell in die bevorstehenden 90 Minuten ein und sie untermalte die Veranstaltung mit passenden Bibelstellen und Zitaten. Die Lobpreislieder, zumeist zweistimmig von Lissi Brell und Barbara Sapp vorgetragen,\u00a0 wurden von eindrucksvollen Bildern und \u00dcbersetzungen der englischen Texte via Beamer umrahmt. \u00a0Die Initialz\u00fcndung zur Gr\u00fcndung der 9 k\u00f6pfigen Band hatte Harald Sommer bei einem amerikanischen Lobpreis Lied. \u201eDas Lied \u201eI will raise\u201c hat mich so bewegt, dass ich dachte, das kann ich nicht f\u00fcr mich behalten\u201c so der Bandgr\u00fcnder. Leute, die in irgendeiner Form mit der Kirche zu tun haben und musikalisch sind wurden daraufhin\u00a0 zusammen getrommelt. Seit September letzten Jahres nun gibt es die Gruppe. \u201eIch war \u00fcberrascht, wie viele Instrumente zusammen kamen\u201c so\u00a0 das Kirchenvorstandsmitglied \u00a0weiter. Neben Schlagzeug, Keyboard, Bass, E- Gitarre, zwei Akustischen Gitarren, \u00a0einer Querfl\u00f6te kommen auch Geige und Akkordeon zum Einsatz wie etwa bei \u201eTanzen ja Tanzen\u201c.\u00a0 Bei diesem Titel k\u00f6nnte man\u00a0 sich auch vorstellen auf einem christlichen Piratenschiff gelandet zu sein. Die Noten f\u00fcr die einzelnen Instrumente wurden umgeschrieben oder neu geschrieben.\u00a0 Cellistin Katrin Penz\u00a0 konnte als Gastmusikerin gewonnen werden und unterst\u00fctzte \u00a0mal auf tragende, mal auf befl\u00fcgelnde \u00a0Art die Ges\u00e4nge. Sie handeln von \u00dcberflie\u00dfender Liebe, Auferstehung, Lebensfreude, Achtung, Vertrauen und Dankbarkeit. Begeistert zeigte sich eine Zuh\u00f6rerin mit den Worten: \u201eHarald, es war so toll. Man mag gar nicht\u00a0 glauben, dass dies euer erstes Konzert war.\u201c Die Anregung, doch gerne mit zu singen nahmen viele G\u00e4ste bei \u201eput your hand in the hand\u201c an. Doch auch die anderen Songs gingen gut ins Ohr, die Geschwindigkeit zumeist im vierviertel Takt d\u00fcrfte \u00fcberschaubar sein. So steht einem gr\u00f6\u00dferen Chor und zus\u00e4tzlicher\u00a0 Klangf\u00fclle aus der Mitte der Kirche beim n\u00e4chsten Konzertbesuch nichts mehr im Wege.  <\/p>\n","protected":false},"excerpt":{"rendered":"<p>Termin: 28.05.2016 Auf Grund der gro\u00dfen Nachfrage auch noch am 29.05.2016 ! Premiere ! 1. Konzert in der St. Anna Kirche in Sulzbach Hier ein Bericht eines Zuh\u00f6rers: Sulzbach. Eine &hellip; <\/p>\n<p class=\"link-more\"><a href=\"https:\/\/www.spiritkitchen.de\/?p=373\" class=\"more-link\"><span class=\"screen-reader-text\">\u201eIm Land der Ruhe\u201c <\/span>weiterlesen<\/a><\/p>\n","protected":false},"author":1,"featured_media":375,"comment_status":"open","ping_status":"open","sticky":false,"template":"","format":"standard","meta":{"footnotes":""},"categories":[4],"tags":[],"class_list":["post-373","post","type-post","status-publish","format-standard","has-post-thumbnail","hentry","category-auftritte","gallery-content-unit"],"_links":{"self":[{"href":"https:\/\/www.spiritkitchen.de\/index.php?rest_route=\/wp\/v2\/posts\/373","targetHints":{"allow":["GET"]}}],"collection":[{"href":"https:\/\/www.spiritkitchen.de\/index.php?rest_route=\/wp\/v2\/posts"}],"about":[{"href":"https:\/\/www.spiritkitchen.de\/index.php?rest_route=\/wp\/v2\/types\/post"}],"author":[{"embeddable":true,"href":"https:\/\/www.spiritkitchen.de\/index.php?rest_route=\/wp\/v2\/users\/1"}],"replies":[{"embeddable":true,"href":"https:\/\/www.spiritkitchen.de\/index.php?rest_route=%2Fwp%2Fv2%2Fcomments&post=373"}],"version-history":[{"count":1,"href":"https:\/\/www.spiritkitchen.de\/index.php?rest_route=\/wp\/v2\/posts\/373\/revisions"}],"predecessor-version":[{"id":374,"href":"https:\/\/www.spiritkitchen.de\/index.php?rest_route=\/wp\/v2\/posts\/373\/revisions\/374"}],"wp:featuredmedia":[{"embeddable":true,"href":"https:\/\/www.spiritkitchen.de\/index.php?rest_route=\/wp\/v2\/media\/375"}],"wp:attachment":[{"href":"https:\/\/www.spiritkitchen.de\/index.php?rest_route=%2Fwp%2Fv2%2Fmedia&parent=373"}],"wp:term":[{"taxonomy":"category","embeddable":true,"href":"https:\/\/www.spiritkitchen.de\/index.php?rest_route=%2Fwp%2Fv2%2Fcategories&post=373"},{"taxonomy":"post_tag","embeddable":true,"href":"https:\/\/www.spiritkitchen.de\/index.php?rest_route=%2Fwp%2Fv2%2Ftags&post=373"}],"curies":[{"name":"wp","href":"https:\/\/api.w.org\/{rel}","templated":true}]}}